{"id":963,"date":"2015-08-06T19:54:00","date_gmt":"2015-08-06T16:54:00","guid":{"rendered":"https:\/\/mazamezotnespils.lv\/?post_type=publication&#038;p=963"},"modified":"2024-08-01T12:48:47","modified_gmt":"2024-08-01T09:48:47","slug":"tris-latviesu-gracijas-inga-slubovska-agnese-eglina-dita-krenberga","status":"publish","type":"post","link":"https:\/\/mazamezotnespils.lv\/en\/2015\/tris-latviesu-gracijas-inga-slubovska-agnese-eglina-dita-krenberga\/","title":{"rendered":"Tr\u012bs latvie\u0161u gr\u0101cijas: Inga \u0160\u013cubovska, Agnese Egli\u0146a, Dita Krenberga"},"content":{"rendered":"<p><strong>P\u0113tera Vaska fonda r\u012bkotaj\u0101 kamerm\u016bzikas koncert\u0101 Mazaj\u0101 Me\u017eotnes pil\u012b 9. august\u0101 plkst. 20 skan\u0113s koncerts &#8220;Tr\u012bs gr\u0101cijas&#8221;. K\u0101lab \u0161\u0101ds nosaukums?<\/strong><\/p><p>T\u0101p\u0113c, ka dzied\u0101s Latvijas Nacion\u0101l\u0101s operas soliste Inga \u0160\u013cubovska, kura p\u0113d\u0113jos gados \u012bpa\u0161i uzplaukusi gan operlom\u0101s, gan kamerdzied\u0101\u0161an\u0101, pie klavier\u0113m b\u016bs alla\u017e atrakt\u012bv\u0101 un spridz\u012bg\u0101 Agnese Egli\u0146a, savuk\u0101rt flautiste Dita Krenberga \u2013 ar\u012b gan soliste, gan or\u0137estra m\u0101ksliniece un flautu grupas balsts \u2013 priec\u0113s ar \u0161armu un muzikalit\u0101ti.<\/p><p>Sarun\u0101 ar &#8220;Klasiku\u201d Dita Krenberga visupirms pau\u017e gandar\u012bjumu, ka pirms \u010detriem gadiem P\u0113teris Vasks dibin\u0101jis fondu, kura valdi ar prieku kuplina ar\u012b vi\u0146a: &#8220;Fondam ir lielisks m\u0113r\u0137is \u2013 veicin\u0101t, atbalst\u012bt un kuplin\u0101t latvie\u0161u m\u016bzikas ra\u0161anos, bet Maz\u0101 Me\u017eotnes pils \u2013 ide\u0101la vieta \u0161\u0101da koncerta organiz\u0113\u0161anai! P\u0113teris Vasks ik gadu izdom\u0101, kur\u0161 instruments b\u016bs karalis n\u0101kam\u0101s sezonas kamerm\u016bzikas koncert\u0101 un kuram instrumentam b\u016bs velt\u012bti pirmatska\u0146ojumi. \u0160ogad god\u0101 celta balss Ingas \u0160\u013cubovskas person\u0101.\u201d<\/p><p>9. augusta koncerta programma veidota k\u0101 himna latvie\u0161u kamerm\u016bzikai: programmas pamat\u0101 b\u016bs klasika (Alfr\u0113ds Kalni\u0146\u0161, J\u0101nis Medi\u0146\u0161)., ta\u010du skan\u0113s ar\u012b m\u016bsdienu autoru darbi da\u017e\u0101dos salikumos: te b\u016bs gan j\u016bsm\u012bga lirika un gai\u0161a apcere, gan dejisks piesitiens. \u012apa\u0161\u0101 kr\u0101sa \u2013 dziesmas ar Rai\u0146a un Aspazijas v\u0101rdiem, apsveikums abu liter\u0101tu 150. dzim\u0161anas dien\u0101.<\/p><blockquote class=\"wp-block-quote is-layout-flow wp-block-quote-is-layout-flow\"><p><strong>Pirmatska\u0146ojumu piedz\u012bvos divi fonda pas\u016btin\u0101juma darbi \u2013 Ingmara Zemzara &#8220;Tr\u012bs Aspazijas dzejo\u013ci sopr\u0101nam un klavier\u0113m&#8221; un Lauras Gustovskas dziesmu cikls &#8220;Sensitences&#8221; ar Aspazijas dzeju.<\/strong><\/p><\/blockquote><p>Ar Lauru jau iepriek\u0161 sadarbojusies Agnese Egli\u0146a: &#8220;Laura ar ska\u0146darbu klavier\u0113m &#8220;Z\u012bds&#8221; savulaik uzvar\u0113ja P\u0113tera Vaska fonda r\u012bkotaj\u0101 kompoz\u012bciju konkurs\u0101. Vi\u0146a dz\u012bvo Liep\u0101j\u0101, ta\u010du abi ar P\u0113teri Vasku dzimu\u0161i vien\u0101 pils\u0113t\u0101 \u2013 Aizput\u0113. Ska\u0146darba &#8220;Sensitences&#8221; nosaukums radies, rota\u013c\u0101joties ar Aspazijas dzejas b\u016bt\u012bbu un tai tuvo j\u0113dzienu &#8211; sentences. &#8220;Sensitences&#8221; \u2013 t\u0101tad tas noz\u012bm\u0113 kaut ko j\u016bt\u012bgu, sensit\u012bvu. \u013boti smalka m\u016bzika,\u201d teic Agnese un st\u0101sta, ka komponiste jaunajam darbam izv\u0113l\u0113jusies tr\u012bs dzejo\u013cus.\u201d<\/p><blockquote class=\"wp-block-quote is-layout-flow wp-block-quote-is-layout-flow\"><p><strong>K\u0101 &#8220;Sentinen\u010du&#8221; dzejas un dziedamo materi\u0101lu raksturo Inga \u0160\u013cubovska? \u201eK\u0101 jau latvie\u0161u dzejnieki, ar\u012b Aspazija j\u016btas paudusi caur dzeju. Un, k\u0101 jau visi m\u016bsdienu komponisti, ar\u012b Laurai t\u012bk eksperiment\u0113t &#8211; labi, ka mana vok\u0101l\u0101 tehnika \u013cauj to visu nodzied\u0101t\u2026\u201d<\/strong><\/p><\/blockquote><p>Tik\u0101m Ingmars Zemzaris palicis uztic\u012bgs savai m\u016bzikas valodai. \u201eBet dziesmas ievelk \u2013 taj\u0101 viegli uztvert autora p\u0101rliec\u012bbu un ska\u0146uvalodu,\u201d teic Agnese un cit\u0113 autora teikto par \u0161o jaundarbu. Interesanti, ka Ingmara ciklam l\u012bdz\u0101s skan\u0113s Artura Maskata t\u0101da pa\u0161a nosaukuma vok\u0101lais cikls, ks pirmatska\u0146ojumu piedz\u012bvoja janv\u0101r\u012b Ingas \u0160\u013cubovskas un LNSO sniegum\u0101 Latvie\u0161u simfonisk\u0101s m\u016bzikas lielkoncert\u0101. Nu tas p\u0101rlikts kamersast\u0101vam.<\/p><p>Starp citu, Inga \u0160\u013cubovska nesen koncert\u0101 &#8220;Mocarta m\u016bzikas p\u0113rles&#8221; uzst\u0101jusies kop\u0101 ar diviem bra\u0161iem m\u016bzi\u0137iem \u2013 klarnetistu Eg\u012blu \u0160\u0113feru un pianistu Tomu Ostrovski. K\u0101da ir at\u0161\u0137ir\u012bba, muzic\u0113jot kop\u0101 ar d\u0101m\u0101m?<\/p><blockquote class=\"wp-block-quote is-layout-flow wp-block-quote-is-layout-flow\"><p><strong>&#8220;Pui\u0161i ir racion\u0101l\u0101ki, t\u0101p\u0113c emocijas, kas n\u0101k no sieviet\u0113m, ir vair\u0101k nolas\u0101mas. Bet ar v\u012brie\u0161iem kop\u0101 j\u016btos k\u0101 pu\u0137\u012bte me\u017ea ielok\u0101 \u2013 pasarg\u0101ta!\u201d<\/strong><\/p><\/blockquote><p>M\u016bzi\u0137es st\u0101sta ar\u012b par citiem ska\u0146darbiem, kas skan\u0113s koncert\u0101 un atkl\u0101j savus \u0161\u012bs vasaras spilgt\u0101kos iespaidus. Eksotisk\u0101k\u0101 pieredze izr\u0101d\u0101s Agnesei &#8211; vi\u0146a izbaud\u012bjusi, ko noz\u012bm\u0113 ziema \u0100frik\u0101!<\/p>","protected":false},"excerpt":{"rendered":"<p>P\u0113tera Vaska fonda r\u012bkotaj\u0101 kamerm\u016bzikas koncert\u0101 Mazaj\u0101 Me\u017eotnes pil\u012b 9. august\u0101 plkst. 20 skan\u0113s koncerts &#8220;Tr\u012bs gr\u0101cijas&#8221;. K\u0101lab \u0161\u0101ds nosaukums? T\u0101p\u0113c, ka dzied\u0101s Latvijas Nacion\u0101l\u0101s operas soliste Inga \u0160\u013cubovska, kura p\u0113d\u0113jos gados \u012bpa\u0161i uzplaukusi gan operlom\u0101s, gan kamerdzied\u0101\u0161an\u0101, pie klavier\u0113m b\u016bs alla\u017e atrakt\u012bv\u0101 un spridz\u012bg\u0101 Agnese Egli\u0146a, savuk\u0101rt flautiste Dita Krenberga \u2013 ar\u012b gan soliste, [&hellip;]<\/p>\n","protected":false},"author":4,"featured_media":964,"comment_status":"closed","ping_status":"closed","sticky":false,"template":"","format":"standard","meta":{"_acf_changed":false,"footnotes":""},"categories":[1,36],"tags":[],"class_list":["post-963","post","type-post","status-publish","format-standard","has-post-thumbnail","hentry","category-koncerti","category-pleneri"],"acf":[],"_links":{"self":[{"href":"https:\/\/mazamezotnespils.lv\/en\/wp-json\/wp\/v2\/posts\/963"}],"collection":[{"href":"https:\/\/mazamezotnespils.lv\/en\/wp-json\/wp\/v2\/posts"}],"about":[{"href":"https:\/\/mazamezotnespils.lv\/en\/wp-json\/wp\/v2\/types\/post"}],"author":[{"embeddable":true,"href":"https:\/\/mazamezotnespils.lv\/en\/wp-json\/wp\/v2\/users\/4"}],"replies":[{"embeddable":true,"href":"https:\/\/mazamezotnespils.lv\/en\/wp-json\/wp\/v2\/comments?post=963"}],"version-history":[{"count":2,"href":"https:\/\/mazamezotnespils.lv\/en\/wp-json\/wp\/v2\/posts\/963\/revisions"}],"predecessor-version":[{"id":3871,"href":"https:\/\/mazamezotnespils.lv\/en\/wp-json\/wp\/v2\/posts\/963\/revisions\/3871"}],"wp:featuredmedia":[{"embeddable":true,"href":"https:\/\/mazamezotnespils.lv\/en\/wp-json\/wp\/v2\/media\/964"}],"wp:attachment":[{"href":"https:\/\/mazamezotnespils.lv\/en\/wp-json\/wp\/v2\/media?parent=963"}],"wp:term":[{"taxonomy":"category","embeddable":true,"href":"https:\/\/mazamezotnespils.lv\/en\/wp-json\/wp\/v2\/categories?post=963"},{"taxonomy":"post_tag","embeddable":true,"href":"https:\/\/mazamezotnespils.lv\/en\/wp-json\/wp\/v2\/tags?post=963"}],"curies":[{"name":"wp","href":"https:\/\/api.w.org\/{rel}","templated":true}]}}