{"id":7828,"date":"2025-08-11T08:22:41","date_gmt":"2025-08-11T05:22:41","guid":{"rendered":"https:\/\/mazamezotnespils.lv\/?p=7828"},"modified":"2025-08-11T08:24:53","modified_gmt":"2025-08-11T05:24:53","slug":"mazas-mezotnes-pils-pleners-2024","status":"publish","type":"post","link":"https:\/\/mazamezotnespils.lv\/en\/2025\/mazas-mezotnes-pils-pleners-2024\/","title":{"rendered":"Maz\u0101s Me\u017eotnes pils plen\u0113rs 2025"},"content":{"rendered":"<p><strong>Liva Pakalne Fanelli<br>Paulis Posta\u017es<br>\u0100dams Tills<br>Liene Lapi\u0146a<\/strong><\/p><p><strong>9.\u201316.08<\/strong><\/p><p>\u201c\u0160ogad turpin\u0101sim pirms asto\u0146padsmit gadiem Lielupes krast\u0101 dzimu\u0161o trad\u012bciju \u013cauties m\u0101kslu simbiozei \u2013 m\u016bzikai un glezniec\u012bbai. Ar\u012b \u0161ovasar pil\u012b norisin\u0101s m\u0101kslinieku plen\u0113rs, kur\u0101, iedvesmojoties no Lielupes un Me\u017eotnes, m\u0101kslinieki rada savus darbus, kuri vienkopus izst\u0101d\u0113 b\u016bs apskat\u0101mi tikai pie mums Me\u017eotn\u0113. Savuk\u0101rt komponisti vienm\u0113r \u0161iem koncertiem rada jaundarbus, jo alla\u017e cen\u0161amies, lai tie\u0161i Vaska fonda koncertos b\u016btu kaut kas cit\u0101ds un at\u0161\u0137ir\u012bgs.\u201d<\/p><p>\u2013 Maz\u0101s Me\u017eotnes pils \u012bpa\u0161niece Reg\u012bna Dei\u010dmane<\/p><p class=\"has-small-font-size\">Plen\u0113ru pavad\u012bs izst\u0101de Maz\u0101s Me\u017eotnes pils izst\u0101\u017eu z\u0101l\u0113, kas norisin\u0101sies no 16. augusta l\u012bdz 10. septembrim.<br><br><strong>Liva Pakalne Fanelli<\/strong> m\u0101c\u012bjusies Ja\u0146a Rozent\u0101la R\u012bgas M\u0101kslas skol\u0101 un R\u012bgas Dizaina un m\u0101kslas vidusskol\u0101. Nepabeidzot skolo\u0161anos m\u0101kslas jom\u0101, p\u0101rc\u0113lusies uz It\u0101liju, kur nodz\u012bvojusi divdesmit gadus. Piedal\u0101s izst\u0101d\u0113s kop\u0161 2003. gada.<br>Savas m\u0101ksliniecisk\u0101s karjeras laik\u0101 sar\u012bkojusi \u010detrpadsmit person\u0101lizst\u0101des un piedal\u012bjusies tr\u012bsdesmit grupas izst\u0101d\u0113s. Ilustr\u0113jusi divas gr\u0101matas, no kur\u0101m El\u012bnas Kokarevi\u010das &#8220;R\u0113gi&#8221; nomin\u0113ta gr\u0101matu m\u0101kslas konkursam &#8220;Zelta \u0101bele 2021&#8221;. \u0160obr\u012bd dz\u012bvo Latvij\u0101.<br><br><strong>Paulis Posta\u017es<\/strong> stud\u0113jis Latvijas M\u0101kslas akad\u0113mij\u0101, ieg\u016bstot ma\u0123istra gr\u0101du glezniec\u012bb\u0101 2000. gad\u0101. \u0160obr\u012bd m\u0101kslinieks dz\u012bvo un akt\u012bvi str\u0101d\u0101 Latvij\u0101, tom\u0113r guvis atzin\u012bbu ne tikai Latvij\u0101, bet ar\u012b Eirop\u0101. M\u0101kslinieka darbi piedal\u012bju\u0161ies ar\u012b presti\u017e\u0101 izso\u013cu nama \u201cSotheby\u2019s\u201d izsol\u0113s. Izst\u0101d\u0113s piedal\u0101s jau kop\u0161 1992. gada.<br><br><strong>\u0100dams Tills<\/strong> ar vieglu ironiju atsaucas uz m\u016bsdienu glezniec\u012bbas tendenci atgriezties pie klasisk\u0101s m\u0101kslas mot\u012bviem un tehnik\u0101m. \u0160\u012b atgrie\u0161an\u0101s ir vienlaikus ar\u012b sava veida protests pret digit\u0101l\u0101s pasaules virspus\u012bbu un steigu, aicinot atcer\u0113ties par p\u0101rbaud\u012bt\u0101m v\u0113rt\u012bb\u0101m \u2014 formas skaidr\u012bbu, klusumu un vienk\u0101r\u0161\u012bbu. Katru darbu m\u0101kslinieks veido r\u016bp\u012bgi, izmantojot tradicion\u0101l\u0101s e\u013c\u013cas tehnikas, kas \u013cauj atkl\u0101t smalkas nianses un rad\u012bt dzi\u013cu emocion\u0101lu telpu.<br>\u0100dams Tills ne tikai glezno, bet ar\u012b vada meistarklases un pasniedz. M\u0101kslinieks ieguvis ma\u0123istra gr\u0101du Latvijas M\u0101kslas akad\u0113mijas figur\u0101l\u0101s glezniec\u012bbas noda\u013c\u0101 (2008), k\u0101 ar\u012b bakalaura gr\u0101du vizu\u0101laj\u0101 m\u0101ksl\u0101 Kasperas koled\u017e\u0101, Vaiominga, ASV (1999\u20132001).<\/p>","protected":false},"excerpt":{"rendered":"<p>Liva Pakalne FanelliPaulis Posta\u017es\u0100dams TillsLiene Lapi\u0146a 9.\u201316.08 \u201c\u0160ogad turpin\u0101sim pirms asto\u0146padsmit gadiem Lielupes krast\u0101 dzimu\u0161o trad\u012bciju \u013cauties m\u0101kslu simbiozei \u2013 m\u016bzikai un glezniec\u012bbai. Ar\u012b \u0161ovasar pil\u012b norisin\u0101s m\u0101kslinieku plen\u0113rs, kur\u0101, iedvesmojoties no Lielupes un Me\u017eotnes, m\u0101kslinieki rada savus darbus, kuri vienkopus izst\u0101d\u0113 b\u016bs apskat\u0101mi tikai pie mums Me\u017eotn\u0113. Savuk\u0101rt komponisti vienm\u0113r \u0161iem koncertiem rada jaundarbus, [&hellip;]<\/p>\n","protected":false},"author":7,"featured_media":7829,"comment_status":"closed","ping_status":"closed","sticky":false,"template":"","format":"standard","meta":{"_acf_changed":false,"footnotes":""},"categories":[36],"tags":[],"class_list":["post-7828","post","type-post","status-publish","format-standard","has-post-thumbnail","hentry","category-pleneri"],"acf":[],"_links":{"self":[{"href":"https:\/\/mazamezotnespils.lv\/en\/wp-json\/wp\/v2\/posts\/7828"}],"collection":[{"href":"https:\/\/mazamezotnespils.lv\/en\/wp-json\/wp\/v2\/posts"}],"about":[{"href":"https:\/\/mazamezotnespils.lv\/en\/wp-json\/wp\/v2\/types\/post"}],"author":[{"embeddable":true,"href":"https:\/\/mazamezotnespils.lv\/en\/wp-json\/wp\/v2\/users\/7"}],"replies":[{"embeddable":true,"href":"https:\/\/mazamezotnespils.lv\/en\/wp-json\/wp\/v2\/comments?post=7828"}],"version-history":[{"count":4,"href":"https:\/\/mazamezotnespils.lv\/en\/wp-json\/wp\/v2\/posts\/7828\/revisions"}],"predecessor-version":[{"id":7836,"href":"https:\/\/mazamezotnespils.lv\/en\/wp-json\/wp\/v2\/posts\/7828\/revisions\/7836"}],"wp:featuredmedia":[{"embeddable":true,"href":"https:\/\/mazamezotnespils.lv\/en\/wp-json\/wp\/v2\/media\/7829"}],"wp:attachment":[{"href":"https:\/\/mazamezotnespils.lv\/en\/wp-json\/wp\/v2\/media?parent=7828"}],"wp:term":[{"taxonomy":"category","embeddable":true,"href":"https:\/\/mazamezotnespils.lv\/en\/wp-json\/wp\/v2\/categories?post=7828"},{"taxonomy":"post_tag","embeddable":true,"href":"https:\/\/mazamezotnespils.lv\/en\/wp-json\/wp\/v2\/tags?post=7828"}],"curies":[{"name":"wp","href":"https:\/\/api.w.org\/{rel}","templated":true}]}}