{"id":1255,"date":"2016-05-12T17:50:00","date_gmt":"2016-05-12T14:50:00","guid":{"rendered":"https:\/\/mazamezotnespils.lv\/?post_type=publication&#038;p=1255"},"modified":"2024-07-30T16:41:38","modified_gmt":"2024-07-30T13:41:38","slug":"magdalena-geka-ja-kadam-saka-bus-koncerts-pili-skaista-vieta-acis-uzreiz-iedegas","status":"publish","type":"post","link":"https:\/\/mazamezotnespils.lv\/en\/2016\/magdalena-geka-ja-kadam-saka-bus-koncerts-pili-skaista-vieta-acis-uzreiz-iedegas\/","title":{"rendered":"Magdal\u0113na Geka: Ja k\u0101dam saka &#8211; b\u016bs koncerts pil\u012b, skaist\u0101 viet\u0101, acis uzreiz iedegas!"},"content":{"rendered":"<p>&#8220;Neatliekamaj\u0101 sarun\u0101&#8221; tiekamies ar P\u0113tera Vaska fonda dibin\u0101t\u0101ju un Maz\u0101s Me\u017eotnes pils \u012bpa\u0161nieci&nbsp;<strong>Reg\u012bnu Dei\u010dmani&nbsp;<\/strong>un vijolnieci&nbsp;<strong>Magdal\u0113nu Geku.&nbsp;<\/strong>Saruna risin\u0101s par Maz\u0101s Me\u017eotnes pils sezonas atkl\u0101\u0161anas koncertu, kas notiks 13. maij\u0101.<\/p><iframe width=\"500\" height=\"281\" src=\"https:\/\/klasika.lsm.lv\/lv\/embed\/?id=68182&#038;show=0&#038;theme=white&#038;size=16x9\" scrolling=\"no\" style=\"border:none;overflow:hidden;\" frameborder=\"0\"><\/iframe><p>Visupirms Reg\u012bna Dei\u010dmane \u012bsi raksturo noz\u012bm\u012bgo kult\u016brv\u0113sturisko un teiksmaino vidi, kur\u0101 atrodas Maz\u0101s Me\u017eotnes pils, un citstarp uzsver: &#8220;T\u0101 ir p\u0113d\u0113j\u0101 sali\u0146a, kur notur\u0113j\u0101s zemga\u013ci&#8230; Te ir Lielupe ar skaistaj\u0101m ainav\u0101m, jauko \u0113ku. Un \u013coti svar\u012bgi ir tas, ka cilv\u0113ki \u0161eit var baud\u012bt visu kop\u0101 \u2013 dabas skaistumu, to, ko rad\u012bjis cilv\u0113ks \u2013 skaist\u0101s \u0113kas un m\u016bziku.&#8221;<\/p><blockquote class=\"wp-block-quote is-layout-flow wp-block-quote-is-layout-flow\"><p><strong>P\u0113tera Vaska person\u012bbas kl\u0101tb\u016btne Mazaj\u0101 Me\u017eotnes pil\u012b, vi\u0146aspr\u0101t, ir \u013coti simboliska: &#8220;P\u0113teris Vasks ir \u0101rk\u0101rt\u012bgi latvisks, \u013coti patriotisks, dabu m\u012blo\u0161s cilv\u0113ks, un \u0161\u012bs \u012bpa\u0161\u012bbas lieliski sasaucas ar Me\u017eotni. Kad pirms pieciem gadiem vi\u0146\u0161 nodibin\u0101ja fondu un rad\u0101s ideja, ka \u0101rpus R\u012bgas vair\u0101k j\u0101skan latvie\u0161u m\u016bzikai, viss ir lo\u0123iski att\u012bst\u012bjies un t\u0101p\u0113c ar\u012b tik daudz izcilu m\u016bzi\u0137u \u0161eit viesoju\u0161ies.\u201d<\/strong><\/p><\/blockquote><p>13. maij\u0101 plkst. 19.30 sezonas atkl\u0101\u0161anas koncert\u0101 Mazaj\u0101 Me\u017eotnes pil\u012b, turpinot 2014. gad\u0101 aizs\u0101kto ciklu &#8220;Jauno talantu trampl\u012bns&#8221;, uzst\u0101sies vijolniece Magdal\u0113na Geka (Latvija) un pianists Antu\u0101ns de Grol\u0113 (<em>Antoine de Grol\u00e9e<\/em>) no Francijas. Koncerta programm\u0101 skan\u0113s Kloda Debis\u012b Son\u0101te vijolei un klavier\u0113m Solma\u017eor\u0101, Lu\u010d\u0101no Berio Sekvence VIII vijolei solo, Kamila Sens\u0101nsa Pirm\u0101 son\u0101te vijolei un klavier\u0113m reminor\u0101 un Morisa Rav\u0113la Rapsodija \u201c\u010cig\u0101niete\u201d vijolei un klavier\u0113m.<\/p><p>K\u0101 Magdal\u0113nai radusies doma par duetu kop\u0101 ar Antu\u0101nu de Grol\u0113? &#8220;Jau ilg\u0101ku laiku biju iecer\u0113jusi nosp\u0113l\u0113t solokoncertu Latvij\u0101 &#8211; ta\u010du bija citi pas\u0101kumi, un beig\u0101s esmu palikusi pie \u0161\u012b vien\u012bg\u0101 koncerta Mazaj\u0101 Me\u017eotnes pil\u012b,&#8221; st\u0101sta vijolniece. &#8220;T\u0101 bija manai sirdij tuva iecere \u2013 salikt kop\u0101 lietas, kas mani sav\u0101 zi\u0146\u0101 raksturo: esmu latviete, kura jau septi\u0146us gadus dz\u012bvo Francij\u0101&#8230;<\/p><blockquote class=\"wp-block-quote is-layout-flow wp-block-quote-is-layout-flow\"><p><strong>Atska\u0146ot fran\u010du m\u016bziku Latvij\u0101 kop\u0101 ar fran\u010du pianistu man \u0161\u0137ita jauka doma.<\/strong><\/p><\/blockquote><p>Priec\u0101jos, ka programm\u0101 iek\u013cauta ar\u012b Lu\u010d\u0101no Berio Sekvence, kas ir viens no 20. gadsimta otr\u0101s puses monument\u0101l\u0101kajiem darbiem vijolei solo,&#8221; teic Magdal\u0113na un s\u012bk\u0101k raksturo programmu, kuras nosl\u0113gum\u0101 netr\u016bk\u0161ot ar\u012b mazs p\u0101rsteigums no P\u0113tera Vaska\u2026<\/p><p>&#8220;Antu\u0101ns ir lielisks m\u016bzi\u0137is, izcils pianists \u2013 vi\u0146am vienm\u0113r klavieres dzied, jo vi\u0146\u0161 m\u012bl ik noti, ko sp\u0113l\u0113&#8230; Satik\u0101mies un kop\u0101 s\u0101k\u0101m sp\u0113l\u0113t, kad iest\u0101jos Par\u012bzes konservatorij\u0101 pirms trim gadiem \u2013 jau no pa\u0161a s\u0101kuma rad\u0101s \u013coti labs kontakts,\u201d atkl\u0101j Magdal\u0113na un nesl\u0113pj, ka tie\u0161i vi\u0146a ierosin\u0101jusi Antu\u0101nam atbraukt uz Latviju:<\/p><blockquote class=\"wp-block-quote is-layout-flow wp-block-quote-is-layout-flow\"><p><strong>&#8220;Ja k\u0101dam pasaka, ka b\u016bs koncerts pil\u012b, skaist\u0101 viet\u0101, vi\u0146am uzreiz acis iedegas\u2026\u201d<\/strong><\/p><\/blockquote><p>Vijolniece ar\u012b st\u0101sta, ka intens\u012bvais rado\u0161ais periods vi\u0146ai s\u0101kas tie\u0161i tagad, ar \u0161o koncertu. &#8220;Apr\u012bl\u012b nosp\u0113l\u0113ju tikai k\u0101dus tr\u012bs koncertus kop\u0101 ar or\u0137estri \u2013 tas ir maz, bet jau maija beig\u0101s p\u0113c manas iniciat\u012bvas notiks pirm\u0101s Ventspils kamerm\u016bzikas dienas, tad \u2013 solokoncerts Francij\u0101 ar vijoli solo stundas garum\u0101, piedal\u012b\u0161an\u0101s Kuhmo festiv\u0101l\u0101, pirms tam \u2013 jauna albuma ieraksts kop\u0101 ar manu klavieru trio, tad \u2013 \u201eJaunie Latvijas kamerm\u016bzi\u0137i\u201d Amatciem\u0101, C\u0113s\u012bs un Saulkrastos, bet 26. august\u0101 kop\u0101 ar Latvijas Nacion\u0101lo simfonisko or\u0137estri festiv\u0101la \u201eLNSO vasarn\u012bca\u201d ietvaros atska\u0146o\u0161u P\u0113tera Vaska vijolkoncertu &#8220;T\u0101l\u0101 gaisma\u201d,\u201d st\u0101sta Magdal\u0113na, kura \u0161obr\u012bd uzs\u0101kusi ma\u0123istrant\u016bras studijas un nopietni gatavojas eks\u0101menam vijo\u013csp\u0113l\u0113.<\/p><p>Visbeidzot, atkal v\u0101rds Reg\u012bnai Dei\u010dmanei, kura, vaic\u0101ta&nbsp; par sirdij tuv\u0101kajiem koncertiem Mazaj\u0101 Me\u017eotnes pil\u012b, nesl\u0113pj: &#8220;Katrs koncerts ir unik\u0101ls \u2013 tom\u0113r laikam jau liel\u0101ko prieku sag\u0101d\u0101 P\u0113tera Vaska fonda organiz\u0113tie jaundarbu koncerti, kuros uzsvars ir jaundarbiem, kurus pirmatska\u0146o augstas raudzes m\u016bzi\u0137i. Priec\u0101jos, ka s\u0101kusies ar\u012b sadarb\u012bba ar citiem re\u0123ioniem.<\/p><blockquote class=\"wp-block-quote is-layout-flow wp-block-quote-is-layout-flow\"><p><strong>&#8220;Liels prieks par sadarb\u012bbu ar Latvijas Radio 3 &#8220;Klasika\u201d \u2013 tas, ka \u0161ie koncerti tiek ieska\u0146oti, noz\u012bm\u0113, ka tos noklaus\u0101s daudz, daudz vair\u0101k cilv\u0113ku.\u201d<\/strong><\/p><\/blockquote><p>T\u0101pat Reg\u012bna Dei\u010dmane v\u0113sta ar\u012b par cit\u0101m vasaras iecer\u0113m un cita starp\u0101 piebilst: &#8220;\u0160obr\u012bd esam sapratu\u0161i, kas ir \u012bpa\u0161ais, ko pied\u0101v\u0101jam tie\u0161i m\u0113s. Jau otro gadu tas ir cikls &#8220;Jauno talantu trampl\u012bns\u201d, kas man pa\u0161ai \u0161\u0137iet \u013coti svar\u012bgs \u2013 ir \u0101rk\u0101rt\u012bgi daudz izcilu m\u016bzi\u0137u, kuri stud\u0113, koncert\u0113 un dz\u012bvo \u0101rzem\u0113s. Un tas ir tik b\u016btiski \u2013 vi\u0146us atvilin\u0101t uz Latviju, lai vi\u0146i nezaud\u0113 saiti ar dzimteni. Un \u2013 lai ar labiem koncertiem netiek lutin\u0101ta tikai R\u012bga.\u201d<\/p><p>Vijolniece&nbsp;<strong>Magdal\u0113na Geka&nbsp;<\/strong>(1992) pirms da\u017eiem gadiem ieguvusi koncertm\u0101kslinieka diplomu Par\u012bzes Re\u0123ion\u0101laj\u0101 konservatorij\u0101, bet 2015. gad\u0101 ar augst\u0101ko nov\u0113rt\u0113jumu \u2013 bakalaura gr\u0101du Par\u012bzes Nacion\u0101laj\u0101 M\u016bzikas un Dejas konservatorij\u0101, kur m\u0101c\u012bj\u0101s pie profesora Svetlina Ruseva. \u0160obr\u012bd m\u016bzi\u0137e turpina studijas ma\u0123istrant\u016br\u0101, bet no \u0161\u0101 gada septembra stud\u0113s ar\u012b Karalienes Elizabetes M\u016bzikas kapel\u0101 Be\u013c\u0123ij\u0101 pie slaven\u0101&nbsp;<em>Artemis<\/em>&nbsp;st\u012bgu kvarteta. \u0160ogad m\u016bzi\u0137e uzst\u0101sies piedal\u012bsies presti\u017eaj\u0101 Kuhmo Kamerm\u016bzikas festiv\u0101l\u0101 Somij\u0101, festiv\u0101l\u0101&nbsp;<em>La Roque d\u2019Antheron<\/em>&nbsp;un festiv\u0101l\u0101 &#8220;LNSO vasarn\u012bca&#8221; C\u0113s\u012bs, k\u0101 ar\u012b sniegs solokoncertus da\u017e\u0101d\u0101s Eiropas valst\u012bs. K\u0101 soliste uzst\u0101jusies kop\u0101 ar or\u0137estriem&nbsp;<em>Hamburger Symphoniker<\/em>,&nbsp;<em>Deutsche Spohr Philharmonie<\/em>, \u010cer\u0146ihivas filharmonijas simfonisko or\u0137estri (Ukraina), Vidzemes kameror\u0137estri, Liep\u0101jas Simfonisko or\u0137estri un citiem; bijusi da\u017e\u0101du meistarkla\u0161u dal\u012bbniece. Kop\u0161 2012. gada sp\u0113l\u0113 Jaunaj\u0101 Eiropas kameror\u0137estr\u012b Francij\u0101 un kop\u0161 2014. gada ir ar\u012b&nbsp;<em>Kremerata Baltica<\/em>&nbsp;dal\u012bbniece. Magdal\u0113na Geka ir \u013coti akt\u012bva kamerm\u016bzi\u0137e, un ar vi\u0146as iniciat\u012bvu tapis festiv\u0101ls &#8220;Jaunie Latvijas kamerm\u016bzi\u0137i \u2013 Saulkrastiem&#8221;, kas vasar\u0101 pulc\u0113 \u0101rzem\u0113s stud\u0113jo\u0161os latvie\u0161u studentus aizraujo\u0161\u0101m kamerm\u016bzikas programm\u0101m. Kop\u0101 ar &#8220;Jaunajiem kamerm\u016bzi\u0137iem&#8221; 2015. gada febru\u0101r\u012b un mart\u0101 Magdal\u0113na koncert\u0113ja vair\u0101k\u0101s Latvijas pils\u0113t\u0101s, k\u0101 ar\u012b Latvijas Radio studij\u0101 ierakst\u012bja Dmitrija \u0160ostakovi\u010da Klavieru kvintetu. T\u0101pat viens no vi\u0146as m\u0113r\u0137iem ir populariz\u0113t m\u016bsdienu klasisko m\u016bziku. Vi\u0146a ir pirmatska\u0146ojusi ap divdesmit jaundarbu gan solo, gan kameror\u0137estr\u012b. Beidzamaj\u0101 laik\u0101 Magdal\u0113na cie\u0161i sadarbojusies ar komponistiem Asiju Ahmet\u017eanovu un Santu Bu\u0161s (Latvija), Gabrielu Sivaku un Karu Arndtu (Francija), Volfgangu Mar\u0161neru (V\u0101cija). Kop\u0161 2015. gada septembra vi\u0146a sp\u0113l\u0113 klavieru trio&nbsp;<em>S\u014dra<\/em>, ar kuru jau uzvar\u0113jusi vair\u0101kos starptautiskos konkursos.<\/p><p>Savuk\u0101rt&nbsp;<strong>Antu\u0101ns de Grol\u0113&nbsp;<\/strong>(1984) ir viens no savas paaudzes spilgt\u0101kajiem pianistiem un akt\u012bv\u0101kajiem kamerm\u016bzi\u0137iem. Klaviersp\u0113li stud\u0113jis Lionas Nacion\u0101laj\u0101 konservatorij\u0101 pie Pj\u0113ra Pontj\u0113, studijas turpin\u0101jis pie Hortenses Kartj\u0113-Bresonas, k\u0101 ar\u012b Imolas Pianistu akad\u0113mij\u0101 (It\u0101lij\u0101) pie Borisa Petru\u0161anska. Vi\u0146\u0161 papildin\u0101jies meistarklas\u0113s pie profesoriem Jevg\u0113nija Mogi\u013cevska, Valent\u012bna Erbena u.c., t\u0101pat vair\u0101kk\u0101rt bijis slaven\u0101 klavierm\u016bzikas festiv\u0101l\u0101&nbsp;<em>La Roque d\u2019Anth\u00e9ron<\/em>&nbsp;rezid\u0113jo\u0161o ansamb\u013cu sast\u0101v\u0101. Antu\u0101ns ir slaven\u0101 Margaritas Longas konkursa laure\u0101ts, t\u0101pat triumf\u0113jis citos konkursos. K\u013cuvis par&nbsp;<em>Banque Populaire&nbsp;<\/em>fonda, \u0160arla Ulmona fonda un&nbsp;<em>ProMusicis&nbsp;<\/em>starptautisk\u0101s balvas laure\u0101tu. Antu\u0101ns piedal\u012bjies daudzos festiv\u0101los, sp\u0113l\u0113jis teju vis\u0101s svar\u012bg\u0101kaj\u0101s Francijas koncertz\u0101l\u0113s, t\u0101pat koncert\u0113jis Brisel\u0113, Rom\u0101, London\u0101, Marok\u0101, Sp\u0101nij\u0101 un citviet pasaul\u0113. M\u016bzi\u0137is sp\u0113l\u0113jis solo kop\u0101 ar Francijas Nacion\u0101lo or\u0137estri, Lionas Nacion\u0101lo or\u0137estri, Mold\u0101vijas kameror\u0137estri, Var\u0161avas Operas or\u0137estri; vi\u0146\u0161 ir Par\u012bzes Nacion\u0101l\u0101s konservatorijas profesoru Svetlina Ruseva vijoles un Mi\u0161ela \u0160trausa \u010della kla\u0161u koncertmeistars. Antu\u0101ns uzst\u0101jies gan&nbsp;<em>Medici.tv<\/em>, gan Francijas Radio, kur ieguvis klaus\u012bt\u0101ju balvu. Kop\u0161 2014. gada vi\u0146\u0161 ir festiv\u0101la &#8220;Muzik\u0101lie mirk\u013ci Tarn\u0101&#8221; m\u0101kslinieciskais vad\u012bt\u0101js.<\/p>","protected":false},"excerpt":{"rendered":"<p>&#8220;Neatliekamaj\u0101 sarun\u0101&#8221; tiekamies ar P\u0113tera Vaska fonda dibin\u0101t\u0101ju un Maz\u0101s Me\u017eotnes pils \u012bpa\u0161nieci&nbsp;Reg\u012bnu Dei\u010dmani&nbsp;un vijolnieci&nbsp;Magdal\u0113nu Geku.&nbsp;Saruna risin\u0101s par Maz\u0101s Me\u017eotnes pils sezonas atkl\u0101\u0161anas koncertu, kas notiks 13. maij\u0101. Visupirms Reg\u012bna Dei\u010dmane \u012bsi raksturo noz\u012bm\u012bgo kult\u016brv\u0113sturisko un teiksmaino vidi, kur\u0101 atrodas Maz\u0101s Me\u017eotnes pils, un citstarp uzsver: &#8220;T\u0101 ir p\u0113d\u0113j\u0101 sali\u0146a, kur notur\u0113j\u0101s zemga\u013ci&#8230; Te ir [&hellip;]<\/p>\n","protected":false},"author":4,"featured_media":1256,"comment_status":"closed","ping_status":"closed","sticky":false,"template":"","format":"standard","meta":{"_acf_changed":false,"footnotes":""},"categories":[1],"tags":[],"class_list":["post-1255","post","type-post","status-publish","format-standard","has-post-thumbnail","hentry","category-koncerti"],"acf":[],"_links":{"self":[{"href":"https:\/\/mazamezotnespils.lv\/en\/wp-json\/wp\/v2\/posts\/1255"}],"collection":[{"href":"https:\/\/mazamezotnespils.lv\/en\/wp-json\/wp\/v2\/posts"}],"about":[{"href":"https:\/\/mazamezotnespils.lv\/en\/wp-json\/wp\/v2\/types\/post"}],"author":[{"embeddable":true,"href":"https:\/\/mazamezotnespils.lv\/en\/wp-json\/wp\/v2\/users\/4"}],"replies":[{"embeddable":true,"href":"https:\/\/mazamezotnespils.lv\/en\/wp-json\/wp\/v2\/comments?post=1255"}],"version-history":[{"count":2,"href":"https:\/\/mazamezotnespils.lv\/en\/wp-json\/wp\/v2\/posts\/1255\/revisions"}],"predecessor-version":[{"id":3896,"href":"https:\/\/mazamezotnespils.lv\/en\/wp-json\/wp\/v2\/posts\/1255\/revisions\/3896"}],"wp:featuredmedia":[{"embeddable":true,"href":"https:\/\/mazamezotnespils.lv\/en\/wp-json\/wp\/v2\/media\/1256"}],"wp:attachment":[{"href":"https:\/\/mazamezotnespils.lv\/en\/wp-json\/wp\/v2\/media?parent=1255"}],"wp:term":[{"taxonomy":"category","embeddable":true,"href":"https:\/\/mazamezotnespils.lv\/en\/wp-json\/wp\/v2\/categories?post=1255"},{"taxonomy":"post_tag","embeddable":true,"href":"https:\/\/mazamezotnespils.lv\/en\/wp-json\/wp\/v2\/tags?post=1255"}],"curies":[{"name":"wp","href":"https:\/\/api.w.org\/{rel}","templated":true}]}}