{"id":1253,"date":"2016-05-17T17:48:00","date_gmt":"2016-05-17T14:48:00","guid":{"rendered":"https:\/\/mazamezotnespils.lv\/?post_type=publication&#038;p=1253"},"modified":"2024-08-01T12:45:24","modified_gmt":"2024-08-01T09:45:24","slug":"maza-mezotnes-pils-krasni-atklaj-jauno-koncertsezonu-foto","status":"publish","type":"post","link":"https:\/\/mazamezotnespils.lv\/en\/2016\/maza-mezotnes-pils-krasni-atklaj-jauno-koncertsezonu-foto\/","title":{"rendered":"Maz\u0101 Me\u017eotnes pils kr\u0101\u0161\u0146i atkl\u0101j jauno koncertsezonu. FOTO"},"content":{"rendered":"<h2 class=\"wp-block-heading\">13. maij\u0101 Mazaj\u0101 Me\u017eotnes pil\u012b norit\u0113ja vasaras koncertsezonas atkl\u0101\u0161ana, kur\u0101, turpinot 2014. gad\u0101 aizs\u0101kto ciklu \u201eJauno talantu trampl\u012bns\u201d, uzst\u0101j\u0101s vijolniece Magdal\u0113na Geka (Latvija) un pianists Antu\u0101ns de Grol\u0113 (Francija). Viesus sav\u0101 m\u0101j\u0101 uz\u0146\u0113ma pils saimnieki Reg\u012bna un Andris Dei\u010dma\u0146i.<\/h2><p>Trad\u012bciju pulc\u0113t pil\u012b m\u0101ksliniekus Dei\u010dma\u0146u p\u0101ris iedibin\u0101ja pirms vair\u0101kiem gadiem \u2013 kad pils bija atjaunota un grib\u0113j\u0101s dal\u012bties priek\u0101 par skaisto apk\u0101rtni Lielupes krast\u0101 un senatnes auru. Pati Reg\u012bna beigusi M\u0101kslas akad\u0113mijas t\u0113lniec\u012bbas noda\u013cu, un, lai ar\u012b ikdien\u0101 ir priv\u0101t\u0101 b\u0113rnud\u0101rza un s\u0101kumskolas \u201eVinnijs\u201d \u012bpa\u0161niece un vad\u012bt\u0101ja, Lielupes krast\u0101 vi\u0146a piepilda m\u0101kslinieces sap\u0146us. Pirms asto\u0146iem gadiem s\u0101kti m\u0101kslinieku plen\u0113ri. \u201eBet, kur m\u0101ksla, tur ar\u012b m\u016bzika,\u201d turpina Reg\u012bna Dei\u010dmane, atcer\u0113dam\u0101s, k\u0101 pirmie koncerti notiku\u0161i \u0101r\u0101 uz terases un k\u0101 tajos uzst\u0101jies Igo, Harijs Ba\u0161s un citi. L\u012bdz vien\u0101 reiz\u0113, kad pil\u012b iedzied\u0101ju\u0161ies gruz\u012bnu m\u016bzi\u0137i, saimnieki sapratu\u0161i, ka taj\u0101 ir br\u012bni\u0161\u0137\u012bga akustika. \u201eTad atrad\u0101m unik\u0101lu 30. gadu fl\u012b\u0123eli. Viss n\u0101ca dabisk\u0101 veid\u0101,\u201d st\u0101sta pils saimniece, ar kuras g\u0101d\u012bbu Mazaj\u0101 Me\u017eotn\u0113 sezon\u0101 izskan vismaz tr\u012bs, \u010detri kamerkoncerti. M\u0101jas koncerttelp\u0101 tie ir \u012bpa\u0161i person\u012bgi un uzrun\u0101jo\u0161i. Dei\u010dmane iesaist\u012bjusies ar\u012b P\u0113tera Vaska fond\u0101.<\/p><p>K\u0101 ierasts, saimnieki ciemi\u0146us sagaid\u012bja ar savu \u012bpa\u0161o zupu un dz\u0113rienu \u2013 \u201e\u0101bolu v\u012bna destil\u0101tu\u201d. Koncerta klaus\u012bt\u0101ju vid\u016b bija gan eksprezidents Valdis Zatlers ar kundzi Lilitu un finansiste Ilze Jurk\u0101ne, gan re\u017eisors Armands Zvirbulis, operas dzied\u0101t\u0101ja Evija Martinsone un m\u0101kslas galerijas \u201ePutti\u201d \u012bpa\u0161niece Agita Put\u0101ne.<\/p><p>Koncerta programm\u0101 skan\u0113ja Kloda Debis\u012b Son\u0101te vijolei un klavier\u0113m Sol ma\u017eor\u0101, Lu\u010diano Berio Sekvence VIII vijolei solo, Kamila Sen-S\u0101nsa 1.son\u0101te vijolei un klavier\u0113m Re minor\u0101 un Morisa Rav\u0113la Rapsodija \u201e\u010cig\u0101niete\u201d vijolei un klavier\u0113m.<\/p><p>Vijolniece Magdal\u0113na Geka (1992) pirms da\u017eiem gadiem ieguvusi koncertm\u0101kslinieka diplomu Par\u012bzes Re\u0123ion\u0101laj\u0101 konservatorij\u0101, bet 2015. gad\u0101 ar augst\u0101ko nov\u0113rt\u0113jumu \u2013 bakalaura gr\u0101du Par\u012bzes Nacion\u0101laj\u0101 M\u016bzikas un Dejas konservatorij\u0101, kur m\u0101c\u012bj\u0101s pie profesora Svetlina Ruseva. \u0160obr\u012bd m\u016bzi\u0137e turpina studijas ma\u0123istrant\u016br\u0101, bet no \u0161\u0101 gada septembra stud\u0113s ar\u012b Karalienes Elizabetes M\u016bzikas kapel\u0101, Be\u013c\u0123ij\u0101 pie slaven\u0101 \u201eArtemis\u201d st\u012bgu kvarteta. \u0160ogad m\u016bzi\u0137e uzst\u0101sies piedal\u012bsies presti\u017eaj\u0101 Kuhmo Kamerm\u016bzikas festiv\u0101l\u0101 Somij\u0101, festiv\u0101l\u0101 \u201eLa Roque d&#8217;Antheron\u201d un LNSO \u201eVasarn\u012bc\u0101\u201d C\u0113s\u012bs, k\u0101 ar\u012b sniegs solokoncertus da\u017e\u0101d\u0101s Eiropas valst\u012bs. Magdal\u0113na ir \u013coti akt\u012bva kamerm\u016bzi\u0137e, un ar vi\u0146as iniciat\u012bvu tapis festiv\u0101ls \u201eJaunie Latvijas kamerm\u016bzi\u0137i \u2013 Saulkrastiem\u201d, kas vasar\u0101 pulc\u0113 \u0101rzem\u0113s stud\u0113jo\u0161os latvie\u0161u studentus aizraujo\u0161\u0101m kamerm\u016bzikas programm\u0101m.<\/p><p>Savuk\u0101rt Antu\u0101ns de Grol\u0113 (1984; Francija) ir viens no savas paaudzes spilgt\u0101kajiem pianistiem un akt\u012bv\u0101kajiem kamerm\u016bzi\u0137iem. B\u016bdams Margaritas Longas konkursa laure\u0101ts, vi\u0146\u0161 ir viens no savas paaudzes spilgt\u0101kajiem pianistiem un akt\u012bv\u0101kajiem kamerm\u016bzi\u0137iem. Klaviersp\u0113li stud\u0113jis Lionas Nacion\u0101laj\u0101 Konservatorij\u0101 pie Pj\u0113ra Pontj\u0113, studijas turpin\u0101jis pie Hortenses Kartj\u0113-Bresonas, k\u0101 ar\u012b Imolas Pianistu akad\u0113mij\u0101 (It\u0101lij\u0101) pie Borisa Petru\u0161anska. Vi\u0146\u0161 papildin\u0101jies meistarklas\u0113s pie profesoriem Jevg\u0113nija Mogi\u013cevska, Valent\u012bna Erbena u.c., t\u0101pat vair\u0101kk\u0101rt bijis slaven\u0101 klavierm\u016bzikas festiv\u0101l\u0101 &#8220;La Roque d\u2019Anth\u00e9ron&#8221; rezid\u0113jo\u0161o ansamb\u013cu sast\u0101v\u0101. Antu\u0101ns ir slaven\u0101 Margaritas Longas konkursa laure\u0101tu, t\u0101pat triumf\u0113jis konkursos \u201eFlame\u201d un \u201eTeresa Llacuna\u201d. Vi\u0146\u0161 k\u013cuvis par Banque Populaire fonda, \u0160arla Ulmona fonda un ProMusicis starptautisk\u0101s balvas laure\u0101tu.<\/p><p>Inform\u0101cija par m\u0101ksliniekiem un koncertu atrodama Maz\u0101s Me\u017eotnes pils m\u0101jaslap\u0101:&nbsp;<a href=\"http:\/\/www.mazamezotne.lv\/\" target=\"_blank\" rel=\"noreferrer noopener nofollow\">www.mazamezotne.lv<\/a>.<\/p>","protected":false},"excerpt":{"rendered":"<p>13. maij\u0101 Mazaj\u0101 Me\u017eotnes pil\u012b norit\u0113ja vasaras koncertsezonas atkl\u0101\u0161ana, kur\u0101, turpinot 2014. gad\u0101 aizs\u0101kto ciklu \u201eJauno talantu trampl\u012bns\u201d, uzst\u0101j\u0101s vijolniece Magdal\u0113na Geka (Latvija) un pianists Antu\u0101ns de Grol\u0113 (Francija). Viesus sav\u0101 m\u0101j\u0101 uz\u0146\u0113ma pils saimnieki Reg\u012bna un Andris Dei\u010dma\u0146i. Trad\u012bciju pulc\u0113t pil\u012b m\u0101ksliniekus Dei\u010dma\u0146u p\u0101ris iedibin\u0101ja pirms vair\u0101kiem gadiem \u2013 kad pils bija atjaunota un [&hellip;]<\/p>\n","protected":false},"author":4,"featured_media":1254,"comment_status":"closed","ping_status":"closed","sticky":false,"template":"","format":"standard","meta":{"_acf_changed":false,"footnotes":""},"categories":[1,36],"tags":[],"class_list":["post-1253","post","type-post","status-publish","format-standard","has-post-thumbnail","hentry","category-koncerti","category-pleneri"],"acf":[],"_links":{"self":[{"href":"https:\/\/mazamezotnespils.lv\/en\/wp-json\/wp\/v2\/posts\/1253"}],"collection":[{"href":"https:\/\/mazamezotnespils.lv\/en\/wp-json\/wp\/v2\/posts"}],"about":[{"href":"https:\/\/mazamezotnespils.lv\/en\/wp-json\/wp\/v2\/types\/post"}],"author":[{"embeddable":true,"href":"https:\/\/mazamezotnespils.lv\/en\/wp-json\/wp\/v2\/users\/4"}],"replies":[{"embeddable":true,"href":"https:\/\/mazamezotnespils.lv\/en\/wp-json\/wp\/v2\/comments?post=1253"}],"version-history":[{"count":2,"href":"https:\/\/mazamezotnespils.lv\/en\/wp-json\/wp\/v2\/posts\/1253\/revisions"}],"predecessor-version":[{"id":3895,"href":"https:\/\/mazamezotnespils.lv\/en\/wp-json\/wp\/v2\/posts\/1253\/revisions\/3895"}],"wp:featuredmedia":[{"embeddable":true,"href":"https:\/\/mazamezotnespils.lv\/en\/wp-json\/wp\/v2\/media\/1254"}],"wp:attachment":[{"href":"https:\/\/mazamezotnespils.lv\/en\/wp-json\/wp\/v2\/media?parent=1253"}],"wp:term":[{"taxonomy":"category","embeddable":true,"href":"https:\/\/mazamezotnespils.lv\/en\/wp-json\/wp\/v2\/categories?post=1253"},{"taxonomy":"post_tag","embeddable":true,"href":"https:\/\/mazamezotnespils.lv\/en\/wp-json\/wp\/v2\/tags?post=1253"}],"curies":[{"name":"wp","href":"https:\/\/api.w.org\/{rel}","templated":true}]}}