{"id":1249,"date":"2016-04-07T17:44:00","date_gmt":"2016-04-07T14:44:00","guid":{"rendered":"https:\/\/mazamezotnespils.lv\/?post_type=publication&#038;p=1249"},"modified":"2024-07-30T16:39:01","modified_gmt":"2024-07-30T13:39:01","slug":"maza-mezotnes-pils-izzino-vasaras-koncertprogrammu","status":"publish","type":"post","link":"https:\/\/mazamezotnespils.lv\/en\/2016\/maza-mezotnes-pils-izzino-vasaras-koncertprogrammu\/","title":{"rendered":"Maz\u0101 Me\u017eotnes pils izzi\u0146o vasaras koncertprogrammu"},"content":{"rendered":"<p>Ar\u012b \u0161ogad Mazaj\u0101 Me\u017eotnes pil\u012b ar\u012b \u0161ovasar norisin\u0101sies daudzveid\u012bga un kr\u0101\u0161\u0146a koncertprogramma \u2013 pl\u0101nots gan talant\u012bg\u0101 pianista Georgija Osokina koncerts, gan ikgad\u0113jais P\u0113tera Vaska dai\u013cradei velt\u012btais pas\u0101kums, gan jaun\u0101s vijolnieces Magdal\u0113nas Gekas uzst\u0101\u0161an\u0101s.<\/p><p>K\u0101 port\u0101lu &#8220;Delfi&#8221; inform\u0113ja Maz\u0101s Me\u017eotnes pils p\u0101rst\u0101vji, jaun\u0101 koncertsezona \u0161ogad tiks atkl\u0101ta 13. maij\u0101 ar 2014. gad\u0101 aizs\u0101kto projektu &#8220;Jauno talantu trampl\u012bns&#8221;, kur\u0101 muzic\u0113s vijolniece Magdal\u0113na Geka (Latvija) un pianists Antu\u0101ns de Grol\u0113 (Antoine de Grol\u00e9e; Francija). N\u0101kamais koncerts Mazaj\u0101 Me\u017eotnes pil\u012b izskan\u0113s 29. j\u016blij\u0101, kad tur uzst\u0101sies jaunais, talant\u012bgais pianists&nbsp;<a href=\"http:\/\/www.delfi.lv\/temas\/georgijs-osokins\" target=\"_blank\" rel=\"noreferrer noopener nofollow\">Georgijs Osokins<\/a>, savuk\u0101rt 20. august\u0101 notiks jau tradicion\u0101lais koncerts &#8220;<a href=\"http:\/\/www.delfi.lv\/temas\/peteris-vasks\" target=\"_blank\" rel=\"noreferrer noopener nofollow\">P\u0113teris Vasks<\/a>&nbsp;iel\u016bdz. Vasara. Me\u017eotne&#8221;.<\/p><p>Sezonas atkl\u0101\u0161anas koncert\u0101 13. maij\u0101 Mazaj\u0101 Me\u017eotnes pil\u012b vijolnieces Magdal\u0113nas Gekas un pianista Antu\u0101na de Grol\u0113 sniegum\u0101 skan\u0113s Kloda Debis\u012b, Kamila Sen-S\u0101nsa, Morisa Rav\u0113la, Gabriela Piern\u0113 un P\u0113tera Vaska ska\u0146darbi.<\/p><p>Vijolniece Magdal\u0113na Geka 2012. gad\u0101 ieguvusi koncertm\u0101kslinieka diplomu Par\u012bzes Re\u0123ion\u0101laj\u0101 konservatorij\u0101, bet 2015. gad\u0101 ar augst\u0101ko nov\u0113rt\u0113jumu \u2013 bakalaura gr\u0101du Par\u012bzes Nacion\u0101laj\u0101 M\u016bzikas un Dejas konservatorij\u0101, kur m\u0101c\u012bj\u0101s pie profesora Svetlina Ruseva.<\/p><p>\u0160obr\u012bd m\u016bzi\u0137e turpina studijas ma\u0123istrant\u016br\u0101, bet no \u0161\u0101 gada septembra stud\u0113s ar\u012b Karalienes Elizabetes M\u016bzikas kapel\u0101, Be\u013c\u0123ij\u0101 pie slaven\u0101 &#8220;Artemis&#8221; st\u012bgu kvarteta.<\/p><p>\u0160ogad m\u016bzi\u0137e uzst\u0101sies piedal\u012bsies presti\u017eaj\u0101 Kuhmo Kamerm\u016bzikas festiv\u0101l\u0101 Somij\u0101, festiv\u0101l\u0101 &#8220;La Roque d&#8217;Antheron&#8221; un LNSO &#8220;Vasarn\u012bc\u0101&#8221; C\u0113s\u012bs, k\u0101 ar\u012b sniegs solokoncertus da\u017e\u0101d\u0101s Eiropas valst\u012bs.<\/p><figure class=\"wp-block-image\"><img decoding=\"async\" src=\"https:\/\/images.delfi.lv\/media-api-image-cropper\/v1\/307f4520-060e-11ee-ae37-d1a0b3274de4.jpg?w=876\" alt=\"\"\/><figcaption class=\"wp-element-caption\">F\u043et\u043e: Publicit\u0101tes foto<\/figcaption><\/figure><p>Savuk\u0101rt Antu\u0101ns de Grol\u0113 ir viens no savas paaudzes spilgt\u0101kajiem pianistiem un akt\u012bv\u0101kajiem kamerm\u016bzi\u0137iem. Antu\u0101ns piedal\u012bjies daudzos festiv\u0101los, sp\u0113l\u0113jis gandr\u012bz vis\u0101s svar\u012bg\u0101kaj\u0101s Francijas koncertz\u0101l\u0113s, t\u0101pat citur pasaul\u0113. Vi\u0146\u0161 ir muzic\u0113jis ir sp\u0113l\u0113jis &#8220;Medici.tv&#8221; un Francijas Radio, kur ieguvis klaus\u012bt\u0101ju balvu. Kop\u0161 2014. gada Antu\u0101ns ir festiv\u0101la &#8220;Muzik\u0101lie mirk\u013ci Tarn\u0101&#8221; m\u0101kslinieciskais vad\u012bt\u0101js.<\/p><p>Pils koncertsezona turpin\u0101sies 29. j\u016blij\u0101 ar izcil\u0101 jaun\u0101 latvie\u0161u pianista Georgija Osokina (att\u0113l\u0101) solokoncertu, kura programmai m\u0101kslinieks izv\u0113l\u0113jies Domeniko Skarlati, Sergeja Rahma\u0146inova, Aleksandra Skrjabina, Friderika \u0160op\u0113na un P\u0113tera Vaska ska\u0146darbus. Georgijs Osokins pag\u0101ju\u0161\u0101 gada ruden\u012b k\u013cuva par Friderika \u0160op\u0113na pianistu konkursa Var\u0161av\u0101 diplomandu, iemantojot vair\u0101ku m\u016bzikas a\u0123ent\u016bru interesi, iesp\u0113ju koncert\u0113t vis\u0101 pasaul\u0113 un ierakst\u012bt vair\u0101kus CD; \u0161ogad janv\u0101r\u012b ieguva gan JVLMA un Swedbank Gada balvu, bet mart\u0101 k\u013cuva par &#8220;Liel\u0101s M\u016bzikas balvas 2015&#8221; laure\u0101tu kategorij\u0101 &#8220;Gada jaunais m\u0101kslinieks&#8221;.<\/p><p>Muzic\u0113\u0161anu kop\u0101 ar Var\u0161avas Filhamonijas or\u0137estri, Krakovas or\u0137estri &#8220;Sinfonietta&#8221;, &#8220;Tokyo New City&#8221; or\u0137estri, &#8220;Amadeus&#8221; kameror\u0137estri, \u013bvivas simfonisko or\u0137estri, &#8220;Wratislavia&#8221; kameror\u0137estri, Liep\u0101jas Simfonisko or\u0137estri u.c. Georgijs Osokins veiksm\u012bgi apvieno ar m\u0101c\u012bb\u0101m presti\u017eaj\u0101 D\u017euljarda skol\u0101 \u0145ujork\u0101, par kuras audz\u0113kni k\u013cuva 2015. gad\u0101.<\/p><figure class=\"wp-block-image\"><img decoding=\"async\" src=\"https:\/\/images.delfi.lv\/media-api-image-cropper\/v1\/1a290e10-093c-11ee-a147-c199d840b93b.jpg?w=876\" alt=\"\"\/><figcaption class=\"wp-element-caption\">F\u043et\u043e: Publicit\u0101tes foto<\/figcaption><\/figure><p>Savuk\u0101rt 20. august\u0101 Mazaj\u0101 Me\u017eotnes pil\u012b notiks jau tradicion\u0101lais koncerts &#8220;P\u0113teris Vasks iel\u016bdz. Vasara. Me\u017eotne&#8221;. K\u0101 nor\u0101da Maz\u0101s Me\u017eotnes pils \u012bpa\u0161niece un &#8220;P\u0113tera Vaska fonda&#8221; dibin\u0101t\u0101ja Reg\u012bna Dei\u010dmane, \u0161is koncerts b\u016bs \u012bpa\u0161s \u2013 k\u0101 zin\u0101ms, \u0161is ir P\u0113tera Vaska 70. jubilejas gads, savuk\u0101rt fonds \u0161ogad svin piecu gadu jubileju. &#8220;\u0160aj\u0101 koncert\u0101, kur piedal\u012bsies gan dzied\u0101t\u0101ja un LNO soliste Ieva Par\u0161a, gan citi lieliski m\u0101kslinieki, god\u0101 tiks celta latvie\u0161u vok\u0101l\u0101 kamerm\u016bzika un skan\u0113s ar\u012b fonda pas\u016btin\u0101jumu pirmatska\u0146ojumi \u2013 M\u0101r\u012btes Dombrovskas un Rutas Paideres jaundarbi,&#8221; atkl\u0101j Dei\u010dmane.<\/p><p>Bi\u013cetes uz Maz\u0101s Me\u017eotnes pils koncertiem var\u0113s ieg\u0101d\u0101ties &#8220;Bi\u013ce\u0161u parad\u012bzes&#8221; kas\u0113s un pirms koncertiem \u2013 pas\u0101kuma norises viet\u0101.<\/p><p><a href=\"http:\/\/www.delfi.lv\/temas\/maza-mezotnes-pils\" target=\"_blank\" rel=\"noreferrer noopener nofollow\">Maz\u0101 Me\u017eotnes pils<\/a>&nbsp;atrodas Pils iela, Bauskas novads, Me\u017eotnes pagasts.<\/p>","protected":false},"excerpt":{"rendered":"<p>Ar\u012b \u0161ogad Mazaj\u0101 Me\u017eotnes pil\u012b ar\u012b \u0161ovasar norisin\u0101sies daudzveid\u012bga un kr\u0101\u0161\u0146a koncertprogramma \u2013 pl\u0101nots gan talant\u012bg\u0101 pianista Georgija Osokina koncerts, gan ikgad\u0113jais P\u0113tera Vaska dai\u013cradei velt\u012btais pas\u0101kums, gan jaun\u0101s vijolnieces Magdal\u0113nas Gekas uzst\u0101\u0161an\u0101s. K\u0101 port\u0101lu &#8220;Delfi&#8221; inform\u0113ja Maz\u0101s Me\u017eotnes pils p\u0101rst\u0101vji, jaun\u0101 koncertsezona \u0161ogad tiks atkl\u0101ta 13. maij\u0101 ar 2014. gad\u0101 aizs\u0101kto projektu &#8220;Jauno talantu [&hellip;]<\/p>\n","protected":false},"author":4,"featured_media":1250,"comment_status":"closed","ping_status":"closed","sticky":false,"template":"","format":"standard","meta":{"_acf_changed":false,"footnotes":""},"categories":[1],"tags":[],"class_list":["post-1249","post","type-post","status-publish","format-standard","has-post-thumbnail","hentry","category-koncerti"],"acf":[],"_links":{"self":[{"href":"https:\/\/mazamezotnespils.lv\/en\/wp-json\/wp\/v2\/posts\/1249"}],"collection":[{"href":"https:\/\/mazamezotnespils.lv\/en\/wp-json\/wp\/v2\/posts"}],"about":[{"href":"https:\/\/mazamezotnespils.lv\/en\/wp-json\/wp\/v2\/types\/post"}],"author":[{"embeddable":true,"href":"https:\/\/mazamezotnespils.lv\/en\/wp-json\/wp\/v2\/users\/4"}],"replies":[{"embeddable":true,"href":"https:\/\/mazamezotnespils.lv\/en\/wp-json\/wp\/v2\/comments?post=1249"}],"version-history":[{"count":2,"href":"https:\/\/mazamezotnespils.lv\/en\/wp-json\/wp\/v2\/posts\/1249\/revisions"}],"predecessor-version":[{"id":3892,"href":"https:\/\/mazamezotnespils.lv\/en\/wp-json\/wp\/v2\/posts\/1249\/revisions\/3892"}],"wp:featuredmedia":[{"embeddable":true,"href":"https:\/\/mazamezotnespils.lv\/en\/wp-json\/wp\/v2\/media\/1250"}],"wp:attachment":[{"href":"https:\/\/mazamezotnespils.lv\/en\/wp-json\/wp\/v2\/media?parent=1249"}],"wp:term":[{"taxonomy":"category","embeddable":true,"href":"https:\/\/mazamezotnespils.lv\/en\/wp-json\/wp\/v2\/categories?post=1249"},{"taxonomy":"post_tag","embeddable":true,"href":"https:\/\/mazamezotnespils.lv\/en\/wp-json\/wp\/v2\/tags?post=1249"}],"curies":[{"name":"wp","href":"https:\/\/api.w.org\/{rel}","templated":true}]}}